{"id":143,"date":"2023-02-13T11:31:06","date_gmt":"2023-02-13T11:31:06","guid":{"rendered":"https:\/\/www.adr-logistics.hu\/?p=143"},"modified":"2023-04-25T11:05:29","modified_gmt":"2023-04-25T11:05:29","slug":"food-logistics-post","status":"publish","type":"post","link":"https:\/\/www.adr-logistics.hu\/en\/elelmiszer-logisztika-fontossaga\/","title":{"rendered":"Food logistics"},"content":{"rendered":"<p>[et_pb_section fb_built=&#8221;1&#8243; _builder_version=&#8221;4.16&#8243; global_colors_info=&#8221;{}&#8221;][et_pb_row _builder_version=&#8221;4.16&#8243; background_size=&#8221;initial&#8221; background_position=&#8221;top_left&#8221; background_repeat=&#8221;repeat&#8221; global_colors_info=&#8221;{}&#8221;][et_pb_column type=&#8221;4_4&#8243; _builder_version=&#8221;4.16&#8243; custom_padding=&#8221;|||&#8221; global_colors_info=&#8221;{}&#8221; custom_padding__hover=&#8221;|||&#8221;][et_pb_text _builder_version=&#8221;4.19.5&#8243; background_size=&#8221;initial&#8221; background_position=&#8221;top_left&#8221; background_repeat=&#8221;repeat&#8221; global_colors_info=&#8221;{}&#8221;]<\/p>\n<p><span style=\"font-weight: 400;\">Az ADR Logistics Kft. felismerte azt a t\u00e9nyt, hogy az pr\u00e9mium \u00e9lelmiszerek \u00e9s italok gy\u00e1rt\u00f3i is szem\u00e9lyre szabott megold\u00e1sokat ig\u00e9nyelnek a szolg\u00e1ltat\u00f3kt\u00f3l. Ez\u00e9rt alap\u00edtottuk meg \u00e9s fejlesztett\u00fck \u00c9lelmiszer logisztikai \u00fczlet\u00e1gunkat, amely m\u00e1r a v\u00e1llalatunk egyik meghat\u00e1roz\u00f3 r\u00e9sz\u00e9v\u00e9 v\u00e1lt!\u00a0<\/span><\/p>\n<p>\u00a0<span style=\"font-weight: 400;\">\ud83d\udc49 Az \u00e1ruk t\u00e1rol\u00e1s\u00e1n, mozgat\u00e1s\u00e1n k\u00edv\u00fcl az al\u00e1bbi hozz\u00e1adott \u00e9rt\u00e9k szolg\u00e1ltat\u00e1sinkkal is seg\u00edtj\u00fck Megb\u00edz\u00f3inkat:<\/span><\/p>\n<p>\u00a0<span style=\"font-weight: 400;\">\ud83d\udd34 c\u00edmk\u00e9z\u00e9s<\/span><\/p>\n<p><span style=\"font-weight: 400;\">\u00a0\ud83d\udfe0 z\u00e1rjegyez\u00e9s<\/span><\/p>\n<p><span style=\"font-weight: 400;\">\u00a0\ud83d\udfe1 \u00f6sszecsomagol\u00e1sok<\/span><\/p>\n<p><span style=\"font-weight: 400;\">\u00a0\ud83d\udfe2 v\u00e1mkezel\u00e9s<\/span><\/p>\n<p><span style=\"font-weight: 400;\">\u00a0\ud83d\udd35 j\u00f6ved\u00e9ki rakt\u00e1r kezel\u00e9se<\/span><\/p>\n<p><span style=\"font-weight: 400;\">\u00a0\ud83d\udfe3 ad\u00f3rakt\u00e1r<\/span><\/p>\n<p><span style=\"font-weight: 400;\">\u00a0\u26aa EKAER \u00fcgyint\u00e9z\u00e9s<\/span><\/p>\n<p>&nbsp;<\/p>\n<p><span style=\"font-weight: 400;\">\ud83d\udc49 Gyors, szakszer\u0171 logisztikai szolg\u00e1ltat\u00f3t keres?\u00a0<\/span><\/p>\n<p><span style=\"font-weight: 400;\">Vegye fel a kapcsolatot Vel\u00fcnk!\u00a0\u00a0<\/span><\/p>\n<p><span style=\"font-weight: 400;\">\ud83d\udccd 2360 Gy\u00e1l Ak\u00e1cliget Logisztikai K\u00f6zpont<\/span><\/p>\n<p><span style=\"font-weight: 400;\">\ud83d\udce7 <\/span><a href=\"mailto:info@adr-logistic.hu\"><span style=\"font-weight: 400;\">info@adr-logistics.hu<\/span><\/a><\/p>\n<p><span style=\"font-weight: 400;\">\ud83c\udf10 <\/span><span style=\"font-weight: 400;\"><a href=\"http:\/\/www.adr-logistics.hu\/\">www.adr-logistics.hu\/<\/a><\/span><\/p>\n<p><span style=\"font-weight: 400;\"><\/span><\/p>\n<p>[\/et_pb_text][\/et_pb_column][\/et_pb_row][\/et_pb_section]<\/p>\n","protected":false},"excerpt":{"rendered":"<p>Az ADR Logistics Kft. felismerte azt a t\u00e9nyt, hogy az pr\u00e9mium \u00e9lelmiszerek \u00e9s italok gy\u00e1rt\u00f3i is szem\u00e9lyre szabott megold\u00e1sokat ig\u00e9nyelnek a szolg\u00e1ltat\u00f3kt\u00f3l. Ez\u00e9rt alap\u00edtottuk meg \u00e9s fejlesztett\u00fck \u00c9lelmiszer logisztikai \u00fczlet\u00e1gunkat, amely m\u00e1r a v\u00e1llalatunk egyik meghat\u00e1roz\u00f3 r\u00e9sz\u00e9v\u00e9 v\u00e1lt!\u00a0 \u00a0\ud83d\udc49 Az \u00e1ruk t\u00e1rol\u00e1s\u00e1n, mozgat\u00e1s\u00e1n k\u00edv\u00fcl az al\u00e1bbi hozz\u00e1adott \u00e9rt\u00e9k szolg\u00e1ltat\u00e1sinkkal is seg\u00edtj\u00fck Megb\u00edz\u00f3inkat: \u00a0\ud83d\udd34 c\u00edmk\u00e9z\u00e9s \u00a0\ud83d\udfe0 [&hellip;]<\/p>\n","protected":false},"author":1,"featured_media":324,"comment_status":"closed","ping_status":"closed","sticky":false,"template":"","format":"standard","meta":{"_et_pb_use_builder":"on","_et_pb_old_content":"<!-- wp:paragraph -->\n<p>Welcome to WordPress. This is your first post. Edit or delete it, then start writing!<\/p>\n<!-- \/wp:paragraph -->","_et_gb_content_width":"1080","footnotes":""},"categories":[1],"tags":[],"class_list":["post-143","post","type-post","status-publish","format-standard","has-post-thumbnail","hentry","category-hirek"],"_links":{"self":[{"href":"https:\/\/www.adr-logistics.hu\/en\/wp-json\/wp\/v2\/posts\/143","targetHints":{"allow":["GET"]}}],"collection":[{"href":"https:\/\/www.adr-logistics.hu\/en\/wp-json\/wp\/v2\/posts"}],"about":[{"href":"https:\/\/www.adr-logistics.hu\/en\/wp-json\/wp\/v2\/types\/post"}],"author":[{"embeddable":true,"href":"https:\/\/www.adr-logistics.hu\/en\/wp-json\/wp\/v2\/users\/1"}],"replies":[{"embeddable":true,"href":"https:\/\/www.adr-logistics.hu\/en\/wp-json\/wp\/v2\/comments?post=143"}],"version-history":[{"count":6,"href":"https:\/\/www.adr-logistics.hu\/en\/wp-json\/wp\/v2\/posts\/143\/revisions"}],"predecessor-version":[{"id":623,"href":"https:\/\/www.adr-logistics.hu\/en\/wp-json\/wp\/v2\/posts\/143\/revisions\/623"}],"wp:featuredmedia":[{"embeddable":true,"href":"https:\/\/www.adr-logistics.hu\/en\/wp-json\/wp\/v2\/media\/324"}],"wp:attachment":[{"href":"https:\/\/www.adr-logistics.hu\/en\/wp-json\/wp\/v2\/media?parent=143"}],"wp:term":[{"taxonomy":"category","embeddable":true,"href":"https:\/\/www.adr-logistics.hu\/en\/wp-json\/wp\/v2\/categories?post=143"},{"taxonomy":"post_tag","embeddable":true,"href":"https:\/\/www.adr-logistics.hu\/en\/wp-json\/wp\/v2\/tags?post=143"}],"curies":[{"name":"wp","href":"https:\/\/api.w.org\/{rel}","templated":true}]}}